{"id":575,"date":"2024-02-21T14:53:35","date_gmt":"2024-02-21T13:53:35","guid":{"rendered":"https:\/\/www.gentleminds.fr\/?p=575"},"modified":"2024-02-21T14:53:35","modified_gmt":"2024-02-21T13:53:35","slug":"interview-dherve-granet-france-defi-une-force-pour-notre-cabinet","status":"publish","type":"post","link":"https:\/\/www.gentleminds.fr\/index.php\/2024\/02\/21\/interview-dherve-granet-france-defi-une-force-pour-notre-cabinet\/","title":{"rendered":"Interview d\u2019Herv\u00e9 Granet : France D\u00e9fi, une force pour notre cabinet"},"content":{"rendered":"\n<p>Herv\u00e9 GRANET est expert-comptable et commissaire aux comptes associ\u00e9 de notre cabinet Axens. Il occupe \u00e9galement le r\u00f4le de vice-pr\u00e9sident de France D\u00e9fi. En effet, chez Axens, nous sommes membres du groupement France D\u00e9fi qui est le premier groupement fran\u00e7ais d\u2019experts-comptables et de commissaires aux comptes ind\u00e9pendants.<\/p>\n\n\n\n<p><strong>Herv\u00e9 Granet nous explique au travers d\u2019une interview les avantages d\u2019\u00eatre membre d\u2019un tel groupement<\/strong>.<\/p>\n\n\n\n<p>Bonjour Herv\u00e9, merci de nous accorder cette interview. Commen\u00e7ons par le commencement :<\/p>\n\n\n\n<h2 class=\"wp-block-heading\">Depuis quand Axens est membre de France D\u00e9fi ?<\/h2>\n\n\n\n<p>Axens est membre du <strong><a href=\"https:\/\/www.axens-audit.fr\/nos-metiers\/notre-reseau\/\" target=\"_blank\" rel=\"noreferrer noopener\">Groupement France D\u00e9fi<\/a><\/strong> depuis janvier 2009.<\/p>\n\n\n\n<h2 class=\"wp-block-heading\">Quelles sont les raisons qui vous ont pouss\u00e9es \u00e0 devenir membre d\u2019un groupement d\u2019experts-comptables ?<\/h2>\n\n\n\n<p>Elles sont diverses ! Participer \u00e0 des groupes de travail vari\u00e9s. Partager des valeurs communes avec des confr\u00e8res de toute la France et \u00e9changer sur nos pratiques professionnelles. Avoir les moyens de r\u00e9fl\u00e9chir \u00e0 l\u2019avenir de nos m\u00e9tiers et aux nouvelles missions r\u00e9alisables.<\/p>\n\n\n\n<p>Et aussi, b\u00e9n\u00e9ficier de r\u00e9ductions significatives sur certains de nos achats.<\/p>\n\n\n\n<h2 class=\"wp-block-heading\">Concr\u00e8tement, quels sont les b\u00e9n\u00e9fices d\u2019une telle adh\u00e9sion pour vous et pour vos clients ? Avez-vous des exemples pr\u00e9cis ?<\/h2>\n\n\n\n<p>Pour AXENS, les b\u00e9n\u00e9fices se retrouvent aupr\u00e8s des collaborateurs qui apportent au groupement leurs connaissances qu\u2019ils partagent avec d\u2019autres collaborateurs. C\u2019est stimulant, encourageant et valorisant.<\/p>\n\n\n\n<p>Savoir que d\u2019autres cabinets osent mettre en place certaines missions nous motivent et nos clients peuvent en b\u00e9n\u00e9ficier. Par exemple, les <a href=\"https:\/\/www.axens-audit.fr\/nos-metiers\/nos-missions-accompagnement\/mise-en-place-rgpd-entreprise\/\" target=\"_blank\" rel=\"noreferrer noopener\">missions RGPD<\/a> n\u2019auraient probablement pas \u00e9t\u00e9 mises en place si nous ne faisions pas partie de <strong>France D\u00e9fi<\/strong>.<\/p>\n\n\n\n<p>\u00c0 lire : <a href=\"https:\/\/www.axens-audit.fr\/2018\/07\/26\/rgpd-se-mettre-en-conformite\/\" target=\"_blank\" rel=\"noreferrer noopener\">RGPD comment se mettre en conformit\u00e9<\/a> ?<\/p>\n\n\n\n<h2 class=\"wp-block-heading\">Sur un plan personnel, en Novembre 2015, vous \u00eates devenu Vice-pr\u00e9sident de France D\u00e9fi. Qu\u2019est-ce qui vous a pouss\u00e9 \u00e0 vous investir plus dans la vie de ce groupement ?<\/h2>\n\n\n\n<p>Lorsqu\u2019AXENS a adh\u00e9r\u00e9 au groupement en 2009, j\u2019ai tr\u00e8s rapidement int\u00e9gr\u00e9 le Conseil des Associ\u00e9s. Je participais donc d\u00e9j\u00e0 depuis 6 ans aux grandes d\u00e9cisions du groupement et c\u2019\u00e9tait assez passionnant compte tenu du fait que ce groupement est tr\u00e8s dynamique et structur\u00e9.<\/p>\n\n\n\n<p>C\u2019est Philippe GUERMEUR, Pr\u00e9sident depuis novembre 2015, qui m\u2019a sollicit\u00e9 pour int\u00e9grer le Comit\u00e9 de Direction avec St\u00e9phane LAMBERT et Lionel SALEMBIER.<\/p>\n\n\n\n<p>Depuis, je me suis beaucoup impliqu\u00e9 dans la gestion et la <a href=\"https:\/\/www.axens-audit.fr\/nos-metiers\/notre-reseau\/france-defi-chiffres-cles-roles-equipe-gouvernance\/\" target=\"_blank\" rel=\"noreferrer noopener\">gouvernance du groupement France Defi<\/a>. Je poursuis donc cette mission jusqu\u2019en novembre 2021.<\/p>\n\n\n\n<h2 class=\"wp-block-heading\">En Juin 2017, Axens est \u00e9galement devenu membre d\u2019un autre groupement \u00e0 savoir Prime Global International. Quel est l\u2019objectif de cette nouvelle adh\u00e9sion ?<\/h2>\n\n\n\n<p><strong>Nous avons vite mesur\u00e9 l\u2019int\u00e9r\u00eat d\u2019int\u00e9grer un groupement comme France D\u00e9fi<\/strong> et c\u2019est naturellement que nous envisagions de faire partie d\u2019un r\u00e9seau international pour nous aider \u00e0 accompagner nos clients \u00e0 l\u2019international.<\/p>\n\n\n\n<p>Lorsque les repr\u00e9sentants de <a href=\"https:\/\/www.axens-audit.fr\/2017\/06\/06\/axens-membre-groupement-prime-global-international\/\" target=\"_blank\" rel=\"noreferrer noopener\">Prime Global France<\/a> ont souhait\u00e9 \u00e9largir le r\u00e9seau, France D\u00e9fi a eu l\u2019occasion de proposer \u00e0 ses adh\u00e9rents de rejoindre ce r\u00e9seau international qui est structur\u00e9 comme France D\u00e9fi avec une culture du partage tr\u00e8s commune, ce qui a grandement facilit\u00e9 l\u2019int\u00e9gration des 8 cabinets de France D\u00e9fi d\u00e9sirant partager leur orientation internationale.<\/p>\n\n\n\n<h2 class=\"wp-block-heading\">Pour conclure, on peut donc dire que c\u2019est avant tout l\u2019accompagnement client qui est mis en avant gr\u00e2ce \u00e0 ces diff\u00e9rents engagements ?<\/h2>\n\n\n\n<p>Pour conseiller nos clients, nous avons besoin de nombreux savoir-faire et de comp\u00e9tences techniques, mais nous devons surtout travailler nos savoir-\u00eatre et l\u2019acc\u00e8s \u00e0 des comp\u00e9tences de plus en plus large et de plus en plus technique. Que ce soit le <a href=\"https:\/\/www.axens-audit.fr\/2016\/10\/19\/marketing-cabinet-expert-comptable\/\" target=\"_blank\" rel=\"noreferrer noopener\">marketing<\/a>, la communication, les techniques de management, la veille technologique, etc\u2026<\/p>\n\n\n\n<p><strong>M\u00eame si notre cabinet est d\u00e9j\u00e0 bien structur\u00e9, nous devons toujours \u00eatre en veille \u00e0 la fois sur nos nombreux m\u00e9tiers, sur l\u2019environnement \u00e9conomique et toutes les nouvelles techniques et technologies qui concernent bien s\u00fbr l\u2019ensemble de <a href=\"https:\/\/www.axens-audit.fr\/nos-clients\/\" target=\"_blank\" rel=\"noreferrer noopener\">nos clients<\/a><\/strong>.<\/p>\n\n\n\n<p>Pour mieux connaitre notre cabinet Axens et les m\u00e9tiers qui le composent, consultez nos <a href=\"https:\/\/www.axens-audit.fr\/axens\/vis-ma-vie\/\" target=\"_blank\" rel=\"noreferrer noopener\">interviews Vis ma Vie<\/a>.<\/p>\n\n\n\n<p>le lien de l&rsquo;article d&rsquo;origine.<a href=\"https:\/\/www.axens-audit.fr\/2019\/09\/03\/interview-herve-granet-france-defi\/\"> ici <\/a><\/p>\n","protected":false},"excerpt":{"rendered":"<p>Herv\u00e9 GRANET est expert-comptable et commissaire aux comptes associ\u00e9 de notre cabinet Axens. Il occupe \u00e9galement le r\u00f4le de vice-pr\u00e9sident de France D\u00e9fi. En effet, chez Axens, nous sommes membres du groupement France D\u00e9fi qui est le premier groupement fran\u00e7ais d\u2019experts-comptables et de commissaires aux comptes ind\u00e9pendants. Herv\u00e9 Granet nous explique au travers d\u2019une interview&#8230;<\/p>\n","protected":false},"author":1,"featured_media":0,"comment_status":"open","ping_status":"open","sticky":false,"template":"","format":"standard","meta":{"_kad_post_transparent":"","_kad_post_title":"","_kad_post_layout":"","_kad_post_sidebar_id":"","_kad_post_content_style":"","_kad_post_vertical_padding":"","_kad_post_feature":"","_kad_post_feature_position":"","_kad_post_header":false,"_kad_post_footer":false,"footnotes":""},"categories":[1],"tags":[],"class_list":["post-575","post","type-post","status-publish","format-standard","hentry","category-non-classe"],"_links":{"self":[{"href":"https:\/\/www.gentleminds.fr\/index.php\/wp-json\/wp\/v2\/posts\/575","targetHints":{"allow":["GET"]}}],"collection":[{"href":"https:\/\/www.gentleminds.fr\/index.php\/wp-json\/wp\/v2\/posts"}],"about":[{"href":"https:\/\/www.gentleminds.fr\/index.php\/wp-json\/wp\/v2\/types\/post"}],"author":[{"embeddable":true,"href":"https:\/\/www.gentleminds.fr\/index.php\/wp-json\/wp\/v2\/users\/1"}],"replies":[{"embeddable":true,"href":"https:\/\/www.gentleminds.fr\/index.php\/wp-json\/wp\/v2\/comments?post=575"}],"version-history":[{"count":1,"href":"https:\/\/www.gentleminds.fr\/index.php\/wp-json\/wp\/v2\/posts\/575\/revisions"}],"predecessor-version":[{"id":576,"href":"https:\/\/www.gentleminds.fr\/index.php\/wp-json\/wp\/v2\/posts\/575\/revisions\/576"}],"wp:attachment":[{"href":"https:\/\/www.gentleminds.fr\/index.php\/wp-json\/wp\/v2\/media?parent=575"}],"wp:term":[{"taxonomy":"category","embeddable":true,"href":"https:\/\/www.gentleminds.fr\/index.php\/wp-json\/wp\/v2\/categories?post=575"},{"taxonomy":"post_tag","embeddable":true,"href":"https:\/\/www.gentleminds.fr\/index.php\/wp-json\/wp\/v2\/tags?post=575"}],"curies":[{"name":"wp","href":"https:\/\/api.w.org\/{rel}","templated":true}]}}