{"id":566,"date":"2024-02-21T14:40:21","date_gmt":"2024-02-21T13:40:21","guid":{"rendered":"https:\/\/www.gentleminds.fr\/?p=566"},"modified":"2024-02-21T14:40:21","modified_gmt":"2024-02-21T13:40:21","slug":"comment-rendre-son-entreprise-attractive-pour-ses-partenaires","status":"publish","type":"post","link":"https:\/\/www.gentleminds.fr\/index.php\/2024\/02\/21\/comment-rendre-son-entreprise-attractive-pour-ses-partenaires\/","title":{"rendered":"Comment rendre son entreprise attractive pour ses partenaires ?"},"content":{"rendered":"\n<p>Herv\u00e9 Granet, Expert-Comptable associ\u00e9 au cabinet Axens, a r\u00e9pondu \u00e0 une interview de Xerfi Canal TV afin de r\u00e9pondre \u00e0 la question \u00ab&nbsp;<strong>Comment rendre son entreprise attractive pour ses partenaires&nbsp;?<\/strong>&nbsp;\u00bb.<\/p>\n\n\n\n<h2 class=\"wp-block-heading\">Comment rendre une entreprise attractive ? La r\u00e9ponse en vid\u00e9o<\/h2>\n\n\n\n<p>La question de l\u2019attractivit\u00e9 d\u2019une soci\u00e9t\u00e9 est primordiale pour tout chef d\u2019entreprise. C\u2019est d\u2019ailleurs une question qui nous est souvent pos\u00e9e chez Axens Expert-Comptable. En effet, en tant que partenaire privil\u00e9gi\u00e9 du dirigeant il est de notre devoir d\u2019accompagner les entreprises sur de nombreux sujet et notamment celui de l\u2019attractivit\u00e9.<\/p>\n\n\n\n<p><strong>Comment rendre une entreprise attractive<\/strong> ? C\u2019est la question \u00e0 laquelle r\u00e9pond Herv\u00e9 GRANET dans la vid\u00e9o ci-dessous.<\/p>\n\n\n\n<figure class=\"wp-block-embed is-type-video is-provider-youtube wp-block-embed-youtube wp-embed-aspect-16-9 wp-has-aspect-ratio\"><div class=\"wp-block-embed__wrapper\">\n<iframe title=\"Rendre son entreprise attractive pour ses partenaires\" width=\"720\" height=\"405\" src=\"https:\/\/www.youtube.com\/embed\/10pLvj_slY0?feature=oembed\" frameborder=\"0\" allow=\"accelerometer; autoplay; clipboard-write; encrypted-media; gyroscope; picture-in-picture; web-share\" allowfullscreen><\/iframe>\n<\/div><\/figure>\n\n\n\n<p>Si vous n\u2019avez pas la possibilit\u00e9 de regarder la vid\u00e9o, vous trouverez ci-dessous une retranscription textuelle de celle-ci avec les questions et les r\u00e9ponses de <a href=\"https:\/\/www.axens-audit.fr\/associe\/herve-granet\/\" target=\"_blank\" rel=\"noreferrer noopener\">Herv\u00e9 GRANET<\/a>.<\/p>\n\n\n\n<h2 class=\"wp-block-heading\">Interview de Herv\u00e9 Granet : Comment rendre son entreprise attractive pour ses partenaires ?<\/h2>\n\n\n\n<h3 class=\"wp-block-heading\">Quel est le regard de l\u2019expert-comptable sur cette probl\u00e9matique&nbsp;?<\/h3>\n\n\n\n<p>Tout d\u2019abord, il faut bien s\u2019accorder sur le terme \u2018<strong>Partenaires<\/strong>\u2019 qui englobe un grand nombre d\u2019acteurs tr\u00e8s diff\u00e9rents. Dans le r\u00e9seau de l\u2019entreprise, il y a les clients, les fournisseurs, les apporteurs d\u2019affaires, les concurrents, la soci\u00e9t\u00e9 civile, l\u2019administration ou m\u00eame la famille des salari\u00e9s.<\/p>\n\n\n\n<h3 class=\"wp-block-heading\">C\u2019est un ensemble assez h\u00e9t\u00e9rog\u00e8ne. Est-ce que l\u2019on peut n\u00e9anmoins d\u00e9finir un discours commun \u00e0 tenir pour l\u2019entreprise&nbsp;?<\/h3>\n\n\n\n<p>Effectivement. La r\u00e8gle d\u2019or est d\u2019expliquer avec clart\u00e9 et pr\u00e9cision son activit\u00e9, son m\u00e9tier, son savoir-faire. Il faut insister sur ses points forts et ses atouts.<\/p>\n\n\n\n<h3 class=\"wp-block-heading\">Il faut donc le faire savoir. Au sein du cabinet Axens, comment faites-vous pour mettre en avant vos points forts et rendre votre entreprise attractive&nbsp;?<\/h3>\n\n\n\n<p>De notre c\u00f4t\u00e9, nous participons \u00e0 des <a href=\"https:\/\/www.axens-audit.fr\/2015\/10\/14\/journees-portes-ouvertes-jpo-chez-axens\/\" target=\"_blank\" rel=\"noreferrer noopener\">journ\u00e9es portes ouvertes (JPO)<\/a>. Beaucoup de personnes participent \u00e0 ces JPO qui sont organis\u00e9es par la chambre de commerce de Saint-Etienne.<\/p>\n\n\n\n<p>On retrouve des \u00e9tudiants, des organismes mais \u00e9galement des clients, des fournisseurs ce qui nous permet de leur parler de notre activit\u00e9, nos effectifs, nos contrats. Les d\u00e9tails sont \u00e9galement importants\u00a0: Proposer un accueil chaleureux et offrir un cadeau.\u00a0 Tout cela compte\u00a0!<\/p>\n\n\n\n<h3 class=\"wp-block-heading\">Le contact humain est donc primordial&nbsp;?<\/h3>\n\n\n\n<p>Oui, et c\u2019est la m\u00eame chose lorsque l\u2019on re\u00e7oit un client pour commenter ses comptes annuels. En g\u00e9n\u00e9ral, sur un entretien d\u2019une heure nous parlons de comptabilit\u00e9 pendant 15 minutes ensuite la discussion s\u2019oriente sur la vision que nous avons de l\u2019entreprise. Par exemple, nous pouvons indiquer au client qu\u2019il devrait perfectionner son accueil t\u00e9l\u00e9phonique.<\/p>\n\n\n\n<h3 class=\"wp-block-heading\">Donc si le contact humain et les enjeux de communication sont primordiaux cela signifie qu\u2019il faut mobiliser en interne&nbsp;?<\/h3>\n\n\n\n<p>Absolument, il faut insuffler un sentiment et une fiert\u00e9 d\u2019appartenance pour que les collaborateurs fassent leur maximum. On enclenche alors un cercle vertueux et cela passe par une communication claire sur les objectifs de l\u2019entreprise et sur le chemin choisi pour les atteindre.<\/p>\n\n\n\n<h3 class=\"wp-block-heading\">Vous parlez de cercle vertueux. Quels sont les fruits que cette dynamique permet de r\u00e9colter&nbsp;?<\/h3>\n\n\n\n<p>Un d\u00e9veloppement harmonieux de l\u2019activit\u00e9. Par exemple, il y aura <strong>moins de turnover<\/strong>&nbsp; et <strong>moins de non-qualit\u00e9<\/strong> au niveau des salari\u00e9s. Cette m\u00eame qualit\u00e9 va se r\u00e9percuter sur la <strong>r\u00e9putation de l\u2019entreprise <\/strong>sur son march\u00e9 et sur sa<strong> performance \u00e9conomique<\/strong>.<\/p>\n\n\n\n<p>Une fois que cette <strong>s\u00e9curit\u00e9 \u00e9conomique<\/strong> est atteinte l\u2019entreprise va pouvoir se concentrer sur d\u2019autres activit\u00e9s de<strong> d\u00e9veloppement<\/strong>. Cela permettra d\u2019attirer les meilleurs \u00e9l\u00e9ments dans ses effectifs pour encore plus de performances.<\/p>\n\n\n\n<figure class=\"wp-block-image size-full\"><img fetchpriority=\"high\" decoding=\"async\" width=\"525\" height=\"517\" src=\"https:\/\/www.gentleminds.fr\/wp-content\/uploads\/2024\/02\/graphique-entreprise-attractive.jpg\" alt=\"\" class=\"wp-image-567\" srcset=\"https:\/\/www.gentleminds.fr\/wp-content\/uploads\/2024\/02\/graphique-entreprise-attractive.jpg 525w, https:\/\/www.gentleminds.fr\/wp-content\/uploads\/2024\/02\/graphique-entreprise-attractive-300x295.jpg 300w\" sizes=\"(max-width: 525px) 100vw, 525px\" \/><\/figure>\n\n\n\n<p>Nous sommes donc parfaitement dans le cercle vertueux.<\/p>\n\n\n\n<p>Retrouvez toutes les vid\u00e9os du cabinet Axens sur Youtube : <strong><a href=\"https:\/\/www.youtube.com\/channel\/UCijc78ONf8JJDgQUEuyGAWA\" target=\"_blank\" rel=\"noreferrer noopener\">Youtube Axens<\/a><\/strong><\/p>\n\n\n\n<p>Ce contenu a \u00e9t\u00e9 publi\u00e9 dans <a href=\"https:\/\/www.axens-audit.fr\/category\/actualite-generale\/\">Actualit\u00e9 g\u00e9n\u00e9rale<\/a>. Vous pouvez le mettre en favoris avec <a href=\"https:\/\/www.axens-audit.fr\/2015\/11\/16\/comment-rendre-son-entreprise-attractive-pour-ses-partenaires\/\">ce permalien<\/a>.<\/p>\n\n\n\n<p>le lien de l&rsquo;article d&rsquo;origine. <a href=\"https:\/\/www.axens-audit.fr\/2015\/11\/16\/comment-rendre-son-entreprise-attractive-pour-ses-partenaires\/\">ici <\/a><\/p>\n","protected":false},"excerpt":{"rendered":"<p>Herv\u00e9 Granet, Expert-Comptable associ\u00e9 au cabinet Axens, a r\u00e9pondu \u00e0 une interview de Xerfi Canal TV afin de r\u00e9pondre \u00e0 la question \u00ab&nbsp;Comment rendre son entreprise attractive pour ses partenaires&nbsp;?&nbsp;\u00bb. Comment rendre une entreprise attractive ? La r\u00e9ponse en vid\u00e9o La question de l\u2019attractivit\u00e9 d\u2019une soci\u00e9t\u00e9 est primordiale pour tout chef d\u2019entreprise. C\u2019est d\u2019ailleurs une&#8230;<\/p>\n","protected":false},"author":1,"featured_media":0,"comment_status":"open","ping_status":"open","sticky":false,"template":"","format":"standard","meta":{"_kad_post_transparent":"","_kad_post_title":"","_kad_post_layout":"","_kad_post_sidebar_id":"","_kad_post_content_style":"","_kad_post_vertical_padding":"","_kad_post_feature":"","_kad_post_feature_position":"","_kad_post_header":false,"_kad_post_footer":false,"footnotes":""},"categories":[1],"tags":[],"class_list":["post-566","post","type-post","status-publish","format-standard","hentry","category-non-classe"],"_links":{"self":[{"href":"https:\/\/www.gentleminds.fr\/index.php\/wp-json\/wp\/v2\/posts\/566","targetHints":{"allow":["GET"]}}],"collection":[{"href":"https:\/\/www.gentleminds.fr\/index.php\/wp-json\/wp\/v2\/posts"}],"about":[{"href":"https:\/\/www.gentleminds.fr\/index.php\/wp-json\/wp\/v2\/types\/post"}],"author":[{"embeddable":true,"href":"https:\/\/www.gentleminds.fr\/index.php\/wp-json\/wp\/v2\/users\/1"}],"replies":[{"embeddable":true,"href":"https:\/\/www.gentleminds.fr\/index.php\/wp-json\/wp\/v2\/comments?post=566"}],"version-history":[{"count":1,"href":"https:\/\/www.gentleminds.fr\/index.php\/wp-json\/wp\/v2\/posts\/566\/revisions"}],"predecessor-version":[{"id":568,"href":"https:\/\/www.gentleminds.fr\/index.php\/wp-json\/wp\/v2\/posts\/566\/revisions\/568"}],"wp:attachment":[{"href":"https:\/\/www.gentleminds.fr\/index.php\/wp-json\/wp\/v2\/media?parent=566"}],"wp:term":[{"taxonomy":"category","embeddable":true,"href":"https:\/\/www.gentleminds.fr\/index.php\/wp-json\/wp\/v2\/categories?post=566"},{"taxonomy":"post_tag","embeddable":true,"href":"https:\/\/www.gentleminds.fr\/index.php\/wp-json\/wp\/v2\/tags?post=566"}],"curies":[{"name":"wp","href":"https:\/\/api.w.org\/{rel}","templated":true}]}}