{"id":559,"date":"2024-02-21T14:33:00","date_gmt":"2024-02-21T13:33:00","guid":{"rendered":"https:\/\/www.gentleminds.fr\/?p=559"},"modified":"2024-06-07T11:51:13","modified_gmt":"2024-06-07T09:51:13","slug":"interview-herve-granet-magazine-entreprendre","status":"publish","type":"post","link":"https:\/\/www.gentleminds.fr\/index.php\/2024\/02\/21\/interview-herve-granet-magazine-entreprendre\/","title":{"rendered":"Interview Herv\u00e9 Granet \u2013 Magazine Entreprendre"},"content":{"rendered":"\n<p>D\u00e9couvrez l\u2019article et l\u2019interview de <strong>Herv\u00e9 Granet<\/strong> consacr\u00e9 \u00e0 Axens dans le magazine ENTREPRENDRE du mois de Novembre 2015.<\/p>\n\n\n\n<h2 class=\"wp-block-heading\">Interview Herv\u00e9 Granet par le magazine Entreprendre<\/h2>\n\n\n\n<p>L\u2019article interview de Herv\u00e9 Granet par le magazine Entreprendre&nbsp;est \u00e0 visualiser&nbsp;en cliquant sur l\u2019image ci-dessous. Cet article est partag\u00e9 en accord avec le magazine entreprendre.<\/p>\n\n\n\n<figure class=\"wp-block-image size-full\"><img fetchpriority=\"high\" decoding=\"async\" width=\"1282\" height=\"802\" src=\"https:\/\/www.gentleminds.fr\/wp-content\/uploads\/2024\/02\/Un-engagement-fort-aux-cotes-des-dirigeants.png\" alt=\"\" class=\"wp-image-561\" srcset=\"https:\/\/www.gentleminds.fr\/wp-content\/uploads\/2024\/02\/Un-engagement-fort-aux-cotes-des-dirigeants.png 1282w, https:\/\/www.gentleminds.fr\/wp-content\/uploads\/2024\/02\/Un-engagement-fort-aux-cotes-des-dirigeants-300x188.png 300w, https:\/\/www.gentleminds.fr\/wp-content\/uploads\/2024\/02\/Un-engagement-fort-aux-cotes-des-dirigeants-1024x641.png 1024w, https:\/\/www.gentleminds.fr\/wp-content\/uploads\/2024\/02\/Un-engagement-fort-aux-cotes-des-dirigeants-768x480.png 768w\" sizes=\"(max-width: 1282px) 100vw, 1282px\" \/><\/figure>\n\n\n\n<p><a href=\"https:\/\/www.axens-audit.fr\/wp-content\/uploads\/2015\/12\/Magazine-entreprendre-parution-nov-2015.pdf\" target=\"_blank\" rel=\"noreferrer noopener\"><a href=\"https:\/\/www.axens-audit.fr\/wp-content\/uploads\/2015\/12\/Magazine-entreprendre-parution-nov-2015.pdf\" target=\"_blank\" rel=\"noreferrer noopener\">Cliquez sur l\u2019image pour t\u00e9l\u00e9charger l\u2019article au format PDF<\/a><\/a><\/p>\n\n\n\n<p>Dans le cadre d\u2019un cahier sp\u00e9cial \u00ab&nbsp;Audit &amp; Expertise&nbsp;\u00bb <strong>Herv\u00e9 Granet<\/strong>, l\u2019un de nos huit <strong>Experts Comptable<\/strong> associ\u00e9s chez Axens, a \u00e9t\u00e9 interview\u00e9 par le magazine Entreprendre pour expliquer combien l\u2019engagement aux c\u00f4t\u00e9s des dirigeants est important pour le <strong>cabinet AXENS<\/strong>.<\/p>\n\n\n\n<p>Notre organisation&nbsp;et nos outils qui offrent, au-del\u00e0 de l\u2019aspect comptable, un v\u00e9ritable accompagnement du dirigeant dans sa vie de chef d\u2019entreprise&nbsp;: social, fiscal, juridique, gestion\u2026<\/p>\n\n\n\n<p>Une proximit\u00e9 avec nos clients et des projets qui refl\u00e8tent notre dynamisme et nos valeurs comme notre implantation dans le tr\u00e8s innovant quartier de la <a href=\"https:\/\/www.axens-audit.fr\/2015\/12\/01\/nos-bureaux-de-lyon-confluence\/\" target=\"_blank\" rel=\"noreferrer noopener\">Confluence \u00e0 Lyon au c\u0153ur de l\u2019\u00eelot Hikari<\/a>. Ce sont tous ces \u00e9l\u00e9ments que <strong>Herv\u00e9 Granet<\/strong> souligne dans cette interview du magazine entreprendre et dans laquelle il parle de l\u2019engagement de Axens, cabinet d\u2019expertise-comptable, aux c\u00f4t\u00e9s des dirigeants.<\/p>\n\n\n\n<h2 class=\"wp-block-heading\">Herv\u00e9 Granet, expert-comptable associ\u00e9 chez Axens<\/h2>\n\n\n\n<p>Pour information, <strong><a href=\"https:\/\/www.axens-audit.fr\/associe\/herve-granet\/\">Herv\u00e9 Granet<\/a> est l\u2019un des 8 associ\u00e9s de notre cabinet d\u2019expertise comptable Axens<\/strong>. Notre cabinet, est repr\u00e9sent\u00e9 dans toute la r\u00e9gion Auvergne Rh\u00f4ne-Alpes gr\u00e2ce \u00e0 4 bureaux comptables r\u00e9partis aux quatre coins de la r\u00e9gion. Pour plus de d\u00e9tails sur nos diff\u00e9rents cabinets, nous vous invitons \u00e0 d\u00e9couvrir <a href=\"https:\/\/www.axens-audit.fr\/nos-cabinets-comptables\/\">nos&nbsp;cabinets comptables<\/a>.<\/p>\n\n\n\n<p><strong>Herb\u00e9 Granet<\/strong>&nbsp;occupe \u00e9galement le poste de <strong>Vice-pr\u00e9sident de <a href=\"https:\/\/www.axens-audit.fr\/nos-metiers\/notre-reseau\/\">France D\u00e9fi<\/a><\/strong>&nbsp;qui est, \u00e0 titre d\u2019information, le premier groupement d\u2019experts-comptables et de commissaires au comptes ind\u00e9pendants en France.<\/p>\n\n\n\n<p>D\u00e9couvrez \u00e9galement une <strong><a href=\"https:\/\/youtu.be\/10pLvj_slY0\" target=\"_blank\" rel=\"noreferrer noopener\">interview vid\u00e9o de Herv\u00e9 Granet<\/a><\/strong> sur notre cha\u00eene Youtube. Il r\u00e9pond \u00e0 la question\u00a0<em>comment rendre son entreprise attractive pour ses partenaires<\/em>.<\/p>\n\n\n\n<p>Ce contenu a \u00e9t\u00e9 publi\u00e9 dans <a href=\"https:\/\/www.axens-audit.fr\/category\/actualite-generale\/\">Actualit\u00e9 g\u00e9n\u00e9rale<\/a>, <a href=\"https:\/\/www.axens-audit.fr\/category\/actualite-generale\/vie-du-cabinet\/\">Vie du cabinet<\/a>. Vous pouvez le mettre en favoris avec <a href=\"https:\/\/www.axens-audit.fr\/2015\/12\/04\/interview-herve-granet-magazine-entreprendre\/\">ce permalien<\/a>.<\/p>\n\n\n\n<p><\/p>\n","protected":false},"excerpt":{"rendered":"<p>D\u00e9couvrez l\u2019article et l\u2019interview de Herv\u00e9 Granet consacr\u00e9 \u00e0 Axens dans le magazine ENTREPRENDRE du mois de Novembre 2015. Interview Herv\u00e9 Granet par le magazine Entreprendre L\u2019article interview de Herv\u00e9 Granet par le magazine Entreprendre&nbsp;est \u00e0 visualiser&nbsp;en cliquant sur l\u2019image ci-dessous. Cet article est partag\u00e9 en accord avec le magazine entreprendre. Cliquez sur l\u2019image pour&#8230;<\/p>\n","protected":false},"author":1,"featured_media":0,"comment_status":"open","ping_status":"open","sticky":false,"template":"","format":"standard","meta":{"_kad_post_transparent":"","_kad_post_title":"","_kad_post_layout":"","_kad_post_sidebar_id":"","_kad_post_content_style":"","_kad_post_vertical_padding":"","_kad_post_feature":"","_kad_post_feature_position":"","_kad_post_header":false,"_kad_post_footer":false,"footnotes":""},"categories":[1],"tags":[],"class_list":["post-559","post","type-post","status-publish","format-standard","hentry","category-non-classe"],"_links":{"self":[{"href":"https:\/\/www.gentleminds.fr\/index.php\/wp-json\/wp\/v2\/posts\/559","targetHints":{"allow":["GET"]}}],"collection":[{"href":"https:\/\/www.gentleminds.fr\/index.php\/wp-json\/wp\/v2\/posts"}],"about":[{"href":"https:\/\/www.gentleminds.fr\/index.php\/wp-json\/wp\/v2\/types\/post"}],"author":[{"embeddable":true,"href":"https:\/\/www.gentleminds.fr\/index.php\/wp-json\/wp\/v2\/users\/1"}],"replies":[{"embeddable":true,"href":"https:\/\/www.gentleminds.fr\/index.php\/wp-json\/wp\/v2\/comments?post=559"}],"version-history":[{"count":2,"href":"https:\/\/www.gentleminds.fr\/index.php\/wp-json\/wp\/v2\/posts\/559\/revisions"}],"predecessor-version":[{"id":1554,"href":"https:\/\/www.gentleminds.fr\/index.php\/wp-json\/wp\/v2\/posts\/559\/revisions\/1554"}],"wp:attachment":[{"href":"https:\/\/www.gentleminds.fr\/index.php\/wp-json\/wp\/v2\/media?parent=559"}],"wp:term":[{"taxonomy":"category","embeddable":true,"href":"https:\/\/www.gentleminds.fr\/index.php\/wp-json\/wp\/v2\/categories?post=559"},{"taxonomy":"post_tag","embeddable":true,"href":"https:\/\/www.gentleminds.fr\/index.php\/wp-json\/wp\/v2\/tags?post=559"}],"curies":[{"name":"wp","href":"https:\/\/api.w.org\/{rel}","templated":true}]}}